{"id":12335,"date":"2026-04-21T10:17:02","date_gmt":"2026-04-21T10:17:02","guid":{"rendered":"https:\/\/workspace.es\/?p=12335"},"modified":"2026-04-23T08:18:32","modified_gmt":"2026-04-23T08:18:32","slug":"tu-primer-dia-en-workspace-guia-practica","status":"publish","type":"post","link":"https:\/\/workspace.es\/en\/tu-primer-dia-en-workspace-guia-practica\/","title":{"rendered":"Your first day in Workspace: a practical guide"},"content":{"rendered":"<p>[et_pb_section fb_built=\u00bb1&#8243; _builder_version=\u00bb4.27.5&#8243; _module_preset=\u00bbdefault\u00bb global_colors_info=\u00bb{}\u00bb][\/et_pb_section][et_pb_section fb_built=\u00bb1&#8243; _builder_version=\u00bb4.27.5&#8243; _module_preset=\u00bbdefault\u00bb global_colors_info=\u00bb{}\u00bb][et_pb_row _builder_version=\u00bb4.27.5&#8243; _module_preset=\u00bbdefault\u00bb global_colors_info=\u00bb{}\u00bb][et_pb_column type=\u00bb4_4&#8243; _builder_version=\u00bb4.27.5&#8243; _module_preset=\u00bbdefault\u00bb global_colors_info=\u00bb{}\u00bb][et_pb_text _builder_version=\u00bb4.27.5&#8243; _module_preset=\u00bbdefault\u00bb custom_padding=\u00bb||0px|||\u00bb global_colors_info=\u00bb{}\u00bb]<\/p>\n<p data-start=\"188\" data-end=\"519\">Empezar en un nuevo espacio de trabajo siempre genera una mezcla de ilusi\u00f3n, curiosidad y algunas dudas. D\u00f3nde sentarte, c\u00f3mo reservar una sala, qu\u00e9 hacer si tienes una reuni\u00f3n, c\u00f3mo funciona el acceso o a qui\u00e9n preguntar si necesitas ayuda. Por eso, tener una gu\u00eda clara para tu primer d\u00eda en Workspace puede marcar la diferencia.<\/p>\n<p data-start=\"521\" data-end=\"1097\">Si acabas de incorporarte o est\u00e1s valorando empezar, esta gu\u00eda pr\u00e1ctica te ayudar\u00e1 a entender c\u00f3mo sacar partido desde el primer momento a un entorno profesional, flexible y bien organizado. En Workspace Coworking Almer\u00eda, el objetivo no es solo ofrecer un puesto de trabajo, sino crear una experiencia \u00e1gil, c\u00f3moda y productiva desde el minuto uno. Workspace se presenta como un coworking en el centro de Almer\u00eda, en un edificio hist\u00f3rico exclusivo, con zonas de trabajo flexibles, despachos privados, salas de reuni\u00f3n y gesti\u00f3n digital. <span class=\"\" data-state=\"closed\"><\/span><\/p>\n<h2 data-section-id=\"epo433\" data-start=\"1099\" data-end=\"1150\">Qu\u00e9 puedes esperar de tu primer d\u00eda en Workspace<\/h2>\n<p data-start=\"1152\" data-end=\"1351\">El primer d\u00eda en un coworking no deber\u00eda sentirse ca\u00f3tico. Al contrario: cuanto m\u00e1s claro tengas c\u00f3mo funciona el espacio, m\u00e1s f\u00e1cil ser\u00e1 adaptarte, organizarte y empezar a trabajar con tranquilidad.<\/p>\n<h3 data-section-id=\"cv1x64\" data-start=\"1353\" data-end=\"1401\">Un entorno profesional preparado para rendir<\/h3>\n<p data-start=\"1403\" data-end=\"1688\">Workspace ofrece puestos fijos, puestos flexibles, despachos privados, salas de reuni\u00f3n, zona de caf\u00e9 y atenci\u00f3n personalizada. Esa combinaci\u00f3n permite que cada profesional encuentre una din\u00e1mica de trabajo adaptada a su ritmo y a sus necesidades.<\/p>\n<p data-start=\"1690\" data-end=\"2023\">Adem\u00e1s, el espacio est\u00e1 pensado para favorecer la productividad con una gesti\u00f3n digital de reservas y una organizaci\u00f3n diaria clara. En la web de Workspace tambi\u00e9n se destacan sus opciones de espacios de trabajo flexibles para aut\u00f3nomos, equipos y empresas. <span class=\"\" data-state=\"closed\"><\/span><\/p>\n<h3 data-section-id=\"3fqxuy\" data-start=\"2025\" data-end=\"2070\">Un equipo que te acompa\u00f1a desde el inicio<\/h3>\n<p data-start=\"2072\" data-end=\"2388\">Dentro de la operativa diaria, el equipo HOST revisa reservas, prepara las salas, recibe visitantes y se presenta a los nuevos miembros al inicio de la jornada. Eso ayuda a que el aterrizaje sea m\u00e1s natural y a que siempre tengas un punto de apoyo si surge alguna duda pr\u00e1ctica.<\/p>\n<h2 data-section-id=\"117s893\" data-start=\"2390\" data-end=\"2434\">Antes de llegar: qu\u00e9 conviene tener claro<\/h2>\n<p data-start=\"2436\" data-end=\"2539\">Tu experiencia en el primer d\u00eda mejora mucho si llegas con una idea b\u00e1sica de c\u00f3mo funciona el espacio.<\/p>\n<h3 data-section-id=\"1w926i1\" data-start=\"2541\" data-end=\"2585\">Revisa c\u00f3mo acceder a tu \u00e1rea de usuario<\/h3>\n<p data-start=\"2587\" data-end=\"2973\">Workspace utiliza Nexudus para la gesti\u00f3n de reservas y servicios. Seg\u00fan la informaci\u00f3n operativa facilitada, los usuarios gestionan su experiencia desde el portal de miembros de Nexudus. La plataforma Nexudus est\u00e1 dise\u00f1ada precisamente para gestionar reservas, membres\u00edas y servicios en espacios de coworking. <span class=\"\" data-state=\"closed\"><\/span><\/p>\n<h3 data-section-id=\"xaz09a\" data-start=\"2975\" data-end=\"3024\">Ten claro qu\u00e9 tipo de uso vas a hacer ese d\u00eda<\/h3>\n<p data-start=\"3026\" data-end=\"3279\">No es lo mismo llegar para una jornada de foco individual que para una ma\u00f1ana con reuniones, llamadas o una visita de cliente. Si sabes qu\u00e9 tipo de d\u00eda tienes por delante, te resultar\u00e1 m\u00e1s f\u00e1cil escoger el entorno adecuado y aprovechar mejor el espacio.<\/p>\n<h2 data-section-id=\"21wgso\" data-start=\"3281\" data-end=\"3334\">Paso a paso: c\u00f3mo vivir tu primer d\u00eda en Workspace<\/h2>\n<h2 data-section-id=\"gjxs4n\" data-start=\"3336\" data-end=\"3371\">Llega con unos minutos de margen<\/h2>\n<p data-start=\"3373\" data-end=\"3706\">Empezar sin prisas siempre ayuda. Llegar con algo de antelaci\u00f3n te permitir\u00e1 ubicarte, conocer las zonas comunes y comenzar la jornada con m\u00e1s calma. Workspace abre en un horario operativo estructurado y el equipo inicia la actividad diaria a las 8:00 con revisi\u00f3n del espacio y de las reservas.<\/p>\n<h3 data-section-id=\"1wan9sl\" data-start=\"3708\" data-end=\"3752\">Pres\u00e9ntate y resuelve tus primeras dudas<\/h3>\n<p data-start=\"3754\" data-end=\"4027\">En tu primer d\u00eda, lo m\u00e1s \u00fatil es identificar r\u00e1pidamente a la persona de referencia del espacio. Preguntas simples como d\u00f3nde sentarte, c\u00f3mo funciona la reserva de salas o qu\u00e9 zonas son m\u00e1s adecuadas para llamadas pueden ahorrarte tiempo y hacer que te adaptes mucho antes.<\/p>\n<h3 data-section-id=\"1at4br\" data-start=\"4029\" data-end=\"4065\">Elige bien tu espacio de trabajo<\/h3>\n<p data-start=\"4067\" data-end=\"4460\">Uno de los grandes valores de Workspace es la flexibilidad. Puedes trabajar desde puestos flexibles, puestos fijos o despachos privados, seg\u00fan tu modalidad. Si quieres conocer mejor las opciones disponibles, este encaje con los espacios de trabajo de Workspace resulta especialmente \u00fatil como enlace interno de apoyo. <span class=\"\" data-state=\"closed\"><\/span><\/p>\n<h3 data-section-id=\"1p3yky7\" data-start=\"4462\" data-end=\"4521\">Familiar\u00edzate con las normas b\u00e1sicas desde el principio<\/h3>\n<p data-start=\"4523\" data-end=\"4949\">Adaptarte r\u00e1pido tambi\u00e9n significa entender la din\u00e1mica del lugar. Entre las normas operativas de Workspace destacan mantener silencio y respeto en las \u00e1reas compartidas, no fumar y responsabilizarse del orden y la limpieza del puesto utilizado. Tambi\u00e9n se indica que el frigor\u00edfico se vac\u00eda el \u00faltimo viernes de cada mes y que los botiquines est\u00e1n ubicados en los ba\u00f1os de cada planta.<\/p>\n<h2 data-section-id=\"1nct4jg\" data-start=\"4951\" data-end=\"5014\">C\u00f3mo usar Workspace de forma inteligente desde el primer d\u00eda<\/h2>\n<p data-start=\"5016\" data-end=\"5155\">No se trata solo de instalarte y abrir el port\u00e1til. Se trata de entender qu\u00e9 recursos tienes a tu disposici\u00f3n y cu\u00e1ndo te conviene usarlos.<\/p>\n<h3 data-section-id=\"1av077r\" data-start=\"5157\" data-end=\"5185\">Cu\u00e1ndo reservar una sala<\/h3>\n<p data-start=\"5187\" data-end=\"5563\">Si tienes una videollamada importante, una reuni\u00f3n con cliente o una conversaci\u00f3n que requiera m\u00e1s privacidad, lo mejor es reservar una sala. En Workspace, las salas son reservables y la pol\u00edtica operativa indica intervalos de 30 minutos para miembros, un m\u00ednimo de 1 hora para visitantes y un margen de 5 minutos para entrada y salida.<\/p>\n<h3 data-section-id=\"1u68rvc\" data-start=\"5565\" data-end=\"5607\">Cu\u00e1ndo quedarte en una zona de trabajo<\/h3>\n<p data-start=\"5609\" data-end=\"6016\">Si tu jornada va a consistir en concentraci\u00f3n, tareas individuales o trabajo continuo, lo m\u00e1s eficiente suele ser utilizar tu puesto o una zona de trabajo flexible. Esa es precisamente una de las ventajas del coworking: poder elegir el entorno adecuado para cada momento. La p\u00e1gina de Workspace dedicada al coworking y a sus espacios flexibles refuerza esa propuesta. <span class=\"\" data-state=\"closed\"><\/span><\/p>\n<h3 data-section-id=\"q7dvfo\" data-start=\"6018\" data-end=\"6066\">Aprovecha la gesti\u00f3n digital desde el inicio<\/h3>\n<p data-start=\"6068\" data-end=\"6374\">Cuanto antes te familiarices con la reserva de servicios y espacios, m\u00e1s c\u00f3moda ser\u00e1 tu experiencia. Como enlace externo relevante, tambi\u00e9n puedes apoyarte en la informaci\u00f3n general de Nexudus para entender mejor c\u00f3mo funciona una plataforma de gesti\u00f3n de coworking. <span class=\"\" data-state=\"closed\"><\/span><\/p>\n<h2 data-section-id=\"1xhq1do\" data-start=\"6376\" data-end=\"6427\">Errores habituales en un primer d\u00eda en coworking<\/h2>\n<p data-start=\"6429\" data-end=\"6507\">Hay peque\u00f1os fallos muy comunes que conviene evitar para empezar con buen pie.<\/p>\n<h3 data-section-id=\"1wzk84l\" data-start=\"6509\" data-end=\"6547\">Querer entenderlo todo al instante<\/h3>\n<p data-start=\"6549\" data-end=\"6743\">No hace falta dominar cada detalle en la primera hora. Lo importante es comprender lo esencial: d\u00f3nde trabajar, c\u00f3mo pedir ayuda, c\u00f3mo reservar y c\u00f3mo moverte dentro del espacio con naturalidad.<\/p>\n<h3 data-section-id=\"uorrgi\" data-start=\"6745\" data-end=\"6782\">No preguntar por miedo a molestar<\/h3>\n<p data-start=\"6784\" data-end=\"6938\">En un coworking bien gestionado, preguntar forma parte del proceso. Es mejor resolver una duda al principio que trabajar inc\u00f3modo durante toda la jornada.<\/p>\n<h3 data-section-id=\"h1xahe\" data-start=\"6940\" data-end=\"6982\">No aprovechar los recursos disponibles<\/h3>\n<p data-start=\"6984\" data-end=\"7233\">Algunas personas pasan su primer d\u00eda limit\u00e1ndose a usar una mesa. Pero Workspace ofrece m\u00e1s: salas de reuni\u00f3n, atenci\u00f3n personalizada, zona de caf\u00e9 y herramientas digitales para gestionar mejor la experiencia.<\/p>\n<h2 data-section-id=\"bttew1\" data-start=\"7235\" data-end=\"7300\">Tu primer d\u00eda tambi\u00e9n es una toma de contacto con la comunidad<\/h2>\n<p data-start=\"7302\" data-end=\"7767\">Workspace no se plantea solo como un lugar para sentarse a trabajar, sino como un entorno profesional donde la experiencia del usuario importa. Adem\u00e1s de la operativa diaria, cuenta con grupo de WhatsApp para miembros y herramientas internas de comunicaci\u00f3n. En su propio magazine y contenidos de marca, Workspace pone el foco en comunidad, productividad y vida profesional compartida. <span class=\"\" data-state=\"closed\"><\/span><\/p>\n<h3 data-section-id=\"z12ndh\" data-start=\"7769\" data-end=\"7808\">Empieza con una mentalidad sencilla<\/h3>\n<p data-start=\"7810\" data-end=\"8051\">No necesitas hacer networking el primer d\u00eda ni conocer a todo el mundo. Basta con sentirte c\u00f3modo, entender el espacio y empezar a trabajar bien. La conexi\u00f3n con otras personas llegar\u00e1 de forma m\u00e1s natural cuando ya tengas ritmo y confianza.<\/p>\n<h2 data-section-id=\"14nes0h\" data-start=\"8053\" data-end=\"8107\">Conclusi\u00f3n: empezar bien cambia toda la experiencia<\/h2>\n<p data-start=\"8109\" data-end=\"8423\">Tu primer d\u00eda en Workspace no deber\u00eda consistir en improvisar, sino en aterrizar con claridad. Cuando entiendes c\u00f3mo funciona el espacio, c\u00f3mo reservar, d\u00f3nde trabajar y a qui\u00e9n acudir, todo cambia: te adaptas antes, trabajas mejor y aprovechas desde el principio lo que un coworking bien dise\u00f1ado puede ofrecerte.<\/p>\n<p data-start=\"8425\" data-end=\"8812\">Workspace Coworking Almer\u00eda combina flexibilidad, gesti\u00f3n digital, atenci\u00f3n personalizada y un entorno diferencial en pleno centro hist\u00f3rico de la ciudad. Esa combinaci\u00f3n convierte el primer d\u00eda en algo m\u00e1s que una bienvenida: lo convierte en el inicio de una rutina de trabajo m\u00e1s profesional y productiva. <span class=\"\" data-state=\"closed\"><\/span><\/p>\n<h2 data-section-id=\"1shitgk\" data-start=\"8814\" data-end=\"8857\">\u00bfVas a vivir tu primer d\u00eda en Workspace?<\/h2>\n<p data-start=\"8859\" data-end=\"9141\">Descubre c\u00f3mo es trabajar en un entorno profesional, flexible y bien organizado. Conoce los espacios de Workspace y da el primer paso para trabajar con m\u00e1s foco, mejor imagen profesional y una experiencia mucho m\u00e1s c\u00f3moda desde el primer d\u00eda<\/p>\n<p data-start=\"8859\" data-end=\"9141\"><a href=\"https:\/\/workspace.spaces.nexudus.com\/en\/events\/view\/1415675211\/jornada-de-puertas-abiertas-en-workspace-coworking-almeria-23-de-abril\">Ap\u00fantate aqui\u00a0<\/a><\/p>\n<p>[\/et_pb_text][\/et_pb_column][\/et_pb_row][\/et_pb_section][et_pb_section fb_built=\u00bb1&#8243; _builder_version=\u00bb4.27.4&#8243; _module_preset=\u00bbdefault\u00bb global_colors_info=\u00bb{}\u00bb][et_pb_row _builder_version=\u00bb4.27.4&#8243; _module_preset=\u00bbdefault\u00bb global_colors_info=\u00bb{}\u00bb][et_pb_column type=\u00bb4_4&#8243; _builder_version=\u00bb4.27.4&#8243; _module_preset=\u00bbdefault\u00bb global_colors_info=\u00bb{}\u00bb][et_pb_text _builder_version=\u00bb4.27.4&#8243; _module_preset=\u00bbdefault\u00bb global_colors_info=\u00bb{}\u00bb]<\/p>\n<header aria-label=\"Encabezado del art\u00edculo\">\n<h3 id=\"ember637\" class=\"ember-view reader-text-block__heading-3\">Damos la bienvenida a M\u00f3nica Vargas Ortega, que se incorpora al equipo de Workspace Coworking Almer\u00eda<\/h3>\n<p><em style=\"font-size: 16px;\"><\/em><\/p>\n<p><em style=\"font-size: 16px;\"><\/em><\/p>\n<\/header>\n<div class=\"relative reader__grid\">\n<div data-scaffold-immersive-reader-content=\"\">\n<div dir=\"ltr\" class=\"reader-article-content reader-article-content--content-blocks\">\n<div class=\"reader-content-blocks-container\" tabindex=\"0\">\n<p id=\"ember56\" class=\"ember-view reader-text-block__paragraph\">En un coworking, todo empieza con una buena bienvenida.<\/p>\n<p id=\"ember57\" class=\"ember-view reader-text-block__paragraph\">La figura del<span class=\"white-space-pre\"> <\/span><strong>host<\/strong><span class=\"white-space-pre\"> <\/span>es mucho m\u00e1s que una cara amable en la recepci\u00f3n. Es la persona que sostiene el pulso diario del espacio, conecta a los miembros entre s\u00ed y garantiza que cada coworker tenga una experiencia fluida, profesional y cercana.<\/p>\n<p id=\"ember58\" class=\"ember-view reader-text-block__paragraph\">Por eso, en<span class=\"white-space-pre\"> <\/span><a href=\"https:\/\/workspace.es\/\"><strong>Workspace Coworking Almer\u00eda<\/strong><\/a><span class=\"white-space-pre\"> <\/span>estamos felices de incorporar a<span class=\"white-space-pre\"> <\/span><strong>Moni Vargas<\/strong><span class=\"white-space-pre\"> <\/span>como nueva host de nuestro espacio. Su rol ser\u00e1 clave para mantener y fortalecer la cultura que nos define: colaborativa, acogedora y eficiente.<\/p>\n<p id=\"ember59\" class=\"ember-view reader-text-block__paragraph\">\ud83d\udca1 \u00bfQu\u00e9 hace exactamente un host en un coworking?<\/p>\n<ul>\n<li>Atiende a miembros y visitantes, resolviendo necesidades con calidez y eficacia.<\/li>\n<li>Gestiona reservas y solicitudes de espacios comunes.<\/li>\n<li>Supervisa la recepci\u00f3n y mantiene una imagen cuidada del espacio.<\/li>\n<li>Da soporte operativo y log\u00edstico para que todo funcione como debe.<\/li>\n<li>Y, sobre todo, cultiva comunidad: conecta personas, facilita encuentros y hace que todos se sientan parte de algo m\u00e1s grande.<\/li>\n<\/ul>\n<p id=\"ember61\" class=\"ember-view reader-text-block__paragraph\">En un momento en el que el trabajo h\u00edbrido, la flexibilidad y la comunidad son m\u00e1s valiosos que nunca, contar con una figura como Moni no es un lujo: es una necesidad.<\/p>\n<p id=\"ember62\" class=\"ember-view reader-text-block__paragraph\">\ud83d\udc49 Si formas parte de un coworking, saluda a tu host. Y si pasas por Workspace,<span class=\"white-space-pre\"> <\/span><strong>ven a conocer a Moni<\/strong>. Su energ\u00eda y profesionalismo est\u00e1n elevando la experiencia de todos los que compartimos este espacio.<\/p>\n<p id=\"ember63\" class=\"ember-view reader-text-block__paragraph\"><strong>Bienvenida, Moni. Gracias por formar parte del equipo que hace de Workspace un lugar \u00fanico.<\/strong><\/p>\n<\/div>\n<\/div>\n<\/div>\n<\/div>\n<p>[\/et_pb_text][et_pb_text _builder_version=\u00bb4.27.4&#8243; _module_preset=\u00bbdefault\u00bb global_colors_info=\u00bb{}\u00bb]<\/p>\n<p class=\"article-editor-paragraph\"><strong><\/strong><\/p>\n<h3 id=\"ember637\" class=\"ember-view reader-text-block__heading-3\">\ud83d\udce9 Pulsa en el enlace y reservar tu d\u00eda de prueba. Reserva tu d\u00eda<\/h3>\n<p id=\"ember638\" class=\"ember-view reader-text-block__paragraph\">Tu productividad (y tu tranquilidad) te lo agradecer\u00e1n.<\/p>\n<p>[\/et_pb_text][\/et_pb_column][\/et_pb_row][et_pb_row _builder_version=\u00bb4.27.4&#8243; _module_preset=\u00bbdefault\u00bb global_colors_info=\u00bb{}\u00bb][et_pb_column type=\u00bb4_4&#8243; _builder_version=\u00bb4.27.4&#8243; _module_preset=\u00bbdefault\u00bb global_colors_info=\u00bb{}\u00bb][et_pb_button button_url=\u00bbhttps:\/\/workspace.es\/nomadas-digitales-almeria\/\u00bb url_new_window=\u00bbon\u00bb button_text=\u00bb\u00a1Reserva tu d\u00eda de prueba!\u00bb _builder_version=\u00bb4.27.4&#8243; _module_preset=\u00bbdefault\u00bb global_colors_info=\u00bb{}\u00bb][\/et_pb_button][\/et_pb_column][\/et_pb_row][et_pb_row _builder_version=\u00bb4.27.4&#8243; _module_preset=\u00bbdefault\u00bb global_colors_info=\u00bb{}\u00bb][et_pb_column type=\u00bb4_4&#8243; _builder_version=\u00bb4.27.4&#8243; _module_preset=\u00bbdefault\u00bb global_colors_info=\u00bb{}\u00bb][et_pb_social_media_follow _builder_version=\u00bb4.27.4&#8243; _module_preset=\u00bbdefault\u00bb global_module=\u00bb10086&#8243; global_colors_info=\u00bb{}\u00bb][et_pb_social_media_follow_network social_network=\u00bblinkedin\u00bb url=\u00bbhttps:\/\/www.linkedin.com\/company\/workspacecoworking\/\u00bb _builder_version=\u00bb4.27.4&#8243; _module_preset=\u00bbdefault\u00bb background_color=\u00bb#007bb6&#8243; global_colors_info=\u00bb{}\u00bb follow_button=\u00bboff\u00bb url_new_window=\u00bbon\u00bb]linkedin[\/et_pb_social_media_follow_network][et_pb_social_media_follow_network social_network=\u00bbinstagram\u00bb url=\u00bbhttps:\/\/www.instagram.com\/workspacecoworking\/\u00bb _builder_version=\u00bb4.27.4&#8243; _module_preset=\u00bbdefault\u00bb background_color=\u00bb#ea2c59&#8243; global_colors_info=\u00bb{}\u00bb follow_button=\u00bboff\u00bb url_new_window=\u00bbon\u00bb]instagram[\/et_pb_social_media_follow_network][et_pb_social_media_follow_network social_network=\u00bbfacebook\u00bb url=\u00bbhttps:\/\/www.facebook.com\/workspacecoworking\/\u00bb _builder_version=\u00bb4.27.4&#8243; _module_preset=\u00bbdefault\u00bb background_color=\u00bb#3b5998&#8243; global_colors_info=\u00bb{}\u00bb follow_button=\u00bboff\u00bb url_new_window=\u00bbon\u00bb]facebook[\/et_pb_social_media_follow_network][\/et_pb_social_media_follow][\/et_pb_column][\/et_pb_row][et_pb_row _builder_version=\u00bb4.16&#8243; global_module=\u00bb11263&#8243; global_colors_info=\u00bb{}\u00bb][et_pb_column type=\u00bb4_4&#8243; _builder_version=\u00bb4.16&#8243; global_colors_info=\u00bb{}\u00bb][et_pb_testimonial author=\u00bbLuis Roca\u00bb job_title=\u00bbCEO Workspace\u00bb portrait_url=\u00bbhttps:\/\/workspace.es\/wp-content\/uploads\/2021\/03\/Luis-Roca-Coworking.jpg\u00bb _builder_version=\u00bb4.27.4&#8243; global_colors_info=\u00bb{}\u00bb]<\/p>\n<p><span>\u00a1Hola! Soy Luis Roca \ud83d\udc4b<br data-start=\"167\" data-end=\"170\" \/>Apasionado por conectar personas y crear un entorno donde cada uno pueda dar lo mejor de s\u00ed en su d\u00eda a d\u00eda. Workspace naci\u00f3 con esa intenci\u00f3n: ofrecer un espacio en Almer\u00eda donde trabajar sea f\u00e1cil, productivo y hasta ilusionante. Tenemos un lugar perfecto para hacer cosas grandes\u2026 as\u00ed que vamos a hacer cosas. \ud83d\udcaa\u2728<\/span><\/p>\n<p>[\/et_pb_testimonial][\/et_pb_column][\/et_pb_row][\/et_pb_section]<\/p>\n","protected":false},"excerpt":{"rendered":"<p>Empezar en un nuevo espacio de trabajo siempre genera una mezcla de ilusi\u00f3n, curiosidad y algunas dudas. D\u00f3nde sentarte, c\u00f3mo reservar una sala, qu\u00e9 hacer si tienes una reuni\u00f3n, c\u00f3mo funciona el acceso o a qui\u00e9n preguntar si necesitas ayuda. Por eso, tener una gu\u00eda clara para tu primer d\u00eda en Workspace puede marcar la [&hellip;]<\/p>\n","protected":false},"author":5,"featured_media":12338,"comment_status":"open","ping_status":"open","sticky":false,"template":"","format":"standard","meta":{"_et_pb_use_builder":"on","_et_pb_old_content":"","_et_gb_content_width":"1080","_monsterinsights_skip_tracking":false,"_monsterinsights_sitenote_active":false,"_monsterinsights_sitenote_note":"","_monsterinsights_sitenote_category":0,"_joinchat":[],"footnotes":""},"categories":[1],"tags":[],"class_list":["post-12335","post","type-post","status-publish","format-standard","has-post-thumbnail","hentry","category-actualidad"],"yoast_head":"<!-- This site is optimized with the Yoast SEO Premium plugin v26.8 (Yoast SEO v27.3) - https:\/\/yoast.com\/product\/yoast-seo-premium-wordpress\/ -->\n<title>Tu primer d\u00eda en Workspace: gu\u00eda pr\u00e1ctica para empezar bien<\/title>\n<meta name=\"description\" content=\"Tu primer d\u00eda en Workspace: gu\u00eda pr\u00e1ctica para adaptarte al coworking, reservar espacios y empezar a trabajar con comodidad.\" \/>\n<meta name=\"robots\" content=\"index, follow, max-snippet:-1, max-image-preview:large, max-video-preview:-1\" \/>\n<link rel=\"canonical\" href=\"https:\/\/workspace.es\/en\/tu-primer-dia-en-workspace-guia-practica\/\" \/>\n<meta property=\"og:locale\" content=\"en_US\" \/>\n<meta property=\"og:type\" content=\"article\" \/>\n<meta property=\"og:title\" content=\"Tu primer d\u00eda en Workspace: gu\u00eda pr\u00e1ctica | Workspace Coworking Almer\u00eda\" \/>\n<meta property=\"og:description\" content=\"Coworking en edificio hist\u00f3rico en el centro de Almer\u00eda. Zonas flexibles, gesti\u00f3n digital y atenci\u00f3n personalizada para que rindas al m\u00e1ximo.\" \/>\n<meta property=\"og:url\" content=\"https:\/\/workspace.es\/en\/tu-primer-dia-en-workspace-guia-practica\/\" \/>\n<meta property=\"og:site_name\" content=\"Workspace Coworking Almer\u00eda\" \/>\n<meta property=\"article:publisher\" content=\"https:\/\/www.facebook.com\/workspacecoworking\" \/>\n<meta property=\"article:published_time\" content=\"2026-04-21T10:17:02+00:00\" \/>\n<meta property=\"article:modified_time\" content=\"2026-04-23T08:18:32+00:00\" \/>\n<meta property=\"og:image\" content=\"https:\/\/workspace.es\/wp-content\/uploads\/2026\/04\/primer-dia-coworking-almeria.jpg\" \/>\n\t<meta property=\"og:image:width\" content=\"1280\" \/>\n\t<meta property=\"og:image:height\" content=\"719\" \/>\n\t<meta property=\"og:image:type\" content=\"image\/jpeg\" \/>\n<meta name=\"author\" content=\"Cristiano\" \/>\n<meta name=\"twitter:card\" content=\"summary_large_image\" \/>\n<meta name=\"twitter:creator\" content=\"@workspacees\" \/>\n<meta name=\"twitter:site\" content=\"@workspacees\" \/>\n<meta name=\"twitter:label1\" content=\"Written by\" \/>\n\t<meta name=\"twitter:data1\" content=\"Cristiano\" \/>\n\t<meta name=\"twitter:label2\" content=\"Est. reading time\" \/>\n\t<meta name=\"twitter:data2\" content=\"7 minutes\" \/>\n<script type=\"application\/ld+json\" class=\"yoast-schema-graph\">{\"@context\":\"https:\\\/\\\/schema.org\",\"@graph\":[{\"@type\":\"Article\",\"@id\":\"https:\\\/\\\/workspace.es\\\/tu-primer-dia-en-workspace-guia-practica\\\/#article\",\"isPartOf\":{\"@id\":\"https:\\\/\\\/workspace.es\\\/tu-primer-dia-en-workspace-guia-practica\\\/\"},\"author\":{\"name\":\"Cristiano\",\"@id\":\"https:\\\/\\\/workspace.es\\\/#\\\/schema\\\/person\\\/2120ad5bd47f59a63b4826a6a8286c85\"},\"headline\":\"Tu primer d\u00eda en Workspace: gu\u00eda pr\u00e1ctica\",\"datePublished\":\"2026-04-21T10:17:02+00:00\",\"dateModified\":\"2026-04-23T08:18:32+00:00\",\"mainEntityOfPage\":{\"@id\":\"https:\\\/\\\/workspace.es\\\/tu-primer-dia-en-workspace-guia-practica\\\/\"},\"wordCount\":2226,\"commentCount\":0,\"publisher\":{\"@id\":\"https:\\\/\\\/workspace.es\\\/#organization\"},\"image\":{\"@id\":\"https:\\\/\\\/workspace.es\\\/tu-primer-dia-en-workspace-guia-practica\\\/#primaryimage\"},\"thumbnailUrl\":\"https:\\\/\\\/workspace.es\\\/wp-content\\\/uploads\\\/2026\\\/04\\\/primer-dia-coworking-almeria.jpg\",\"articleSection\":[\"Actualidad\"],\"inLanguage\":\"en-US\",\"potentialAction\":[{\"@type\":\"CommentAction\",\"name\":\"Comment\",\"target\":[\"https:\\\/\\\/workspace.es\\\/tu-primer-dia-en-workspace-guia-practica\\\/#respond\"]}]},{\"@type\":\"WebPage\",\"@id\":\"https:\\\/\\\/workspace.es\\\/tu-primer-dia-en-workspace-guia-practica\\\/\",\"url\":\"https:\\\/\\\/workspace.es\\\/tu-primer-dia-en-workspace-guia-practica\\\/\",\"name\":\"Tu primer d\u00eda en Workspace: gu\u00eda pr\u00e1ctica para empezar bien\",\"isPartOf\":{\"@id\":\"https:\\\/\\\/workspace.es\\\/#website\"},\"primaryImageOfPage\":{\"@id\":\"https:\\\/\\\/workspace.es\\\/tu-primer-dia-en-workspace-guia-practica\\\/#primaryimage\"},\"image\":{\"@id\":\"https:\\\/\\\/workspace.es\\\/tu-primer-dia-en-workspace-guia-practica\\\/#primaryimage\"},\"thumbnailUrl\":\"https:\\\/\\\/workspace.es\\\/wp-content\\\/uploads\\\/2026\\\/04\\\/primer-dia-coworking-almeria.jpg\",\"datePublished\":\"2026-04-21T10:17:02+00:00\",\"dateModified\":\"2026-04-23T08:18:32+00:00\",\"description\":\"Tu primer d\u00eda en Workspace: gu\u00eda pr\u00e1ctica para adaptarte al coworking, reservar espacios y empezar a trabajar con comodidad.\",\"breadcrumb\":{\"@id\":\"https:\\\/\\\/workspace.es\\\/tu-primer-dia-en-workspace-guia-practica\\\/#breadcrumb\"},\"inLanguage\":\"en-US\",\"potentialAction\":[{\"@type\":\"ReadAction\",\"target\":[\"https:\\\/\\\/workspace.es\\\/tu-primer-dia-en-workspace-guia-practica\\\/\"]}]},{\"@type\":\"ImageObject\",\"inLanguage\":\"en-US\",\"@id\":\"https:\\\/\\\/workspace.es\\\/tu-primer-dia-en-workspace-guia-practica\\\/#primaryimage\",\"url\":\"https:\\\/\\\/workspace.es\\\/wp-content\\\/uploads\\\/2026\\\/04\\\/primer-dia-coworking-almeria.jpg\",\"contentUrl\":\"https:\\\/\\\/workspace.es\\\/wp-content\\\/uploads\\\/2026\\\/04\\\/primer-dia-coworking-almeria.jpg\",\"width\":1280,\"height\":719,\"caption\":\"Llegar a un coworking con todo preparado ayuda a empezar la jornada con m\u00e1s tranquilidad, organizaci\u00f3n y confianza.\"},{\"@type\":\"BreadcrumbList\",\"@id\":\"https:\\\/\\\/workspace.es\\\/tu-primer-dia-en-workspace-guia-practica\\\/#breadcrumb\",\"itemListElement\":[{\"@type\":\"ListItem\",\"position\":1,\"name\":\"INICIO\",\"item\":\"https:\\\/\\\/workspace.es\\\/\"},{\"@type\":\"ListItem\",\"position\":2,\"name\":\"Actualidad\",\"item\":\"https:\\\/\\\/workspace.es\\\/category\\\/actualidad\\\/\"},{\"@type\":\"ListItem\",\"position\":3,\"name\":\"Tu primer d\u00eda en Workspace: gu\u00eda pr\u00e1ctica\"}]},{\"@type\":\"WebSite\",\"@id\":\"https:\\\/\\\/workspace.es\\\/#website\",\"url\":\"https:\\\/\\\/workspace.es\\\/\",\"name\":\"Workspace Coworking Almer\u00eda\",\"description\":\"Coworking en Almer\u00eda para empresas y profesionales: puestos de trabajo, salas y oficina virtual en un edificio hist\u00f3rico exclusivo.\",\"publisher\":{\"@id\":\"https:\\\/\\\/workspace.es\\\/#organization\"},\"alternateName\":\"Workspace Coworking Almer\u00eda Centro\",\"potentialAction\":[{\"@type\":\"SearchAction\",\"target\":{\"@type\":\"EntryPoint\",\"urlTemplate\":\"https:\\\/\\\/workspace.es\\\/?s={search_term_string}\"},\"query-input\":{\"@type\":\"PropertyValueSpecification\",\"valueRequired\":true,\"valueName\":\"search_term_string\"}}],\"inLanguage\":\"en-US\"},{\"@type\":\"Organization\",\"@id\":\"https:\\\/\\\/workspace.es\\\/#organization\",\"name\":\"Workspace Coworking Almeria\",\"alternateName\":\"WorkSpace Almeria\",\"url\":\"https:\\\/\\\/workspace.es\\\/\",\"logo\":{\"@type\":\"ImageObject\",\"inLanguage\":\"en-US\",\"@id\":\"https:\\\/\\\/workspace.es\\\/#\\\/schema\\\/logo\\\/image\\\/\",\"url\":\"https:\\\/\\\/workspace.es\\\/wp-content\\\/uploads\\\/2024\\\/12\\\/Workspace-vertical.png\",\"contentUrl\":\"https:\\\/\\\/workspace.es\\\/wp-content\\\/uploads\\\/2024\\\/12\\\/Workspace-vertical.png\",\"width\":1500,\"height\":1500,\"caption\":\"Workspace Coworking Almeria\"},\"image\":{\"@id\":\"https:\\\/\\\/workspace.es\\\/#\\\/schema\\\/logo\\\/image\\\/\"},\"sameAs\":[\"https:\\\/\\\/www.facebook.com\\\/workspacecoworking\",\"https:\\\/\\\/x.com\\\/workspacees\",\"https:\\\/\\\/www.instagram.com\\\/workspacecoworking\\\/\",\"https:\\\/\\\/www.linkedin.com\\\/company\\\/workspace-coworking-almeria\\\/\"],\"description\":\"Workspace Coworking Almer\u00eda es el \u00fanico coworking en un edificio hist\u00f3rico exclusivo en el centro de Almer\u00eda, con espacios de trabajo flexibles, gesti\u00f3n digital, atenci\u00f3n personalizada y un entorno profesional dise\u00f1ado para rendir al m\u00e1ximo.\",\"email\":\"hola@workspace.es\",\"telephone\":\"625 01 87 67\",\"legalName\":\"Workspace Coworking Almer\u00eda\",\"numberOfEmployees\":{\"@type\":\"QuantitativeValue\",\"minValue\":\"1\",\"maxValue\":\"10\"}},{\"@type\":\"Person\",\"@id\":\"https:\\\/\\\/workspace.es\\\/#\\\/schema\\\/person\\\/2120ad5bd47f59a63b4826a6a8286c85\",\"name\":\"Cristiano\",\"image\":{\"@type\":\"ImageObject\",\"inLanguage\":\"en-US\",\"@id\":\"https:\\\/\\\/secure.gravatar.com\\\/avatar\\\/acfde124de36bf724cee28b9363470e8097af781b98c292bce1446fc8aa06a32?s=96&d=mm&r=g\",\"url\":\"https:\\\/\\\/secure.gravatar.com\\\/avatar\\\/acfde124de36bf724cee28b9363470e8097af781b98c292bce1446fc8aa06a32?s=96&d=mm&r=g\",\"contentUrl\":\"https:\\\/\\\/secure.gravatar.com\\\/avatar\\\/acfde124de36bf724cee28b9363470e8097af781b98c292bce1446fc8aa06a32?s=96&d=mm&r=g\",\"caption\":\"Cristiano\"}}]}<\/script>\n<!-- \/ Yoast SEO Premium plugin. -->","yoast_head_json":{"title":"Tu primer d\u00eda en Workspace: gu\u00eda pr\u00e1ctica para empezar bien","description":"Tu primer d\u00eda en Workspace: gu\u00eda pr\u00e1ctica para adaptarte al coworking, reservar espacios y empezar a trabajar con comodidad.","robots":{"index":"index","follow":"follow","max-snippet":"max-snippet:-1","max-image-preview":"max-image-preview:large","max-video-preview":"max-video-preview:-1"},"canonical":"https:\/\/workspace.es\/en\/tu-primer-dia-en-workspace-guia-practica\/","og_locale":"en_US","og_type":"article","og_title":"Tu primer d\u00eda en Workspace: gu\u00eda pr\u00e1ctica | Workspace Coworking Almer\u00eda","og_description":"Coworking en edificio hist\u00f3rico en el centro de Almer\u00eda. Zonas flexibles, gesti\u00f3n digital y atenci\u00f3n personalizada para que rindas al m\u00e1ximo.","og_url":"https:\/\/workspace.es\/en\/tu-primer-dia-en-workspace-guia-practica\/","og_site_name":"Workspace Coworking Almer\u00eda","article_publisher":"https:\/\/www.facebook.com\/workspacecoworking","article_published_time":"2026-04-21T10:17:02+00:00","article_modified_time":"2026-04-23T08:18:32+00:00","og_image":[{"width":1280,"height":719,"url":"https:\/\/workspace.es\/wp-content\/uploads\/2026\/04\/primer-dia-coworking-almeria.jpg","type":"image\/jpeg"}],"author":"Cristiano","twitter_card":"summary_large_image","twitter_creator":"@workspacees","twitter_site":"@workspacees","twitter_misc":{"Written by":"Cristiano","Est. reading time":"7 minutes"},"schema":{"@context":"https:\/\/schema.org","@graph":[{"@type":"Article","@id":"https:\/\/workspace.es\/tu-primer-dia-en-workspace-guia-practica\/#article","isPartOf":{"@id":"https:\/\/workspace.es\/tu-primer-dia-en-workspace-guia-practica\/"},"author":{"name":"Cristiano","@id":"https:\/\/workspace.es\/#\/schema\/person\/2120ad5bd47f59a63b4826a6a8286c85"},"headline":"Tu primer d\u00eda en Workspace: gu\u00eda pr\u00e1ctica","datePublished":"2026-04-21T10:17:02+00:00","dateModified":"2026-04-23T08:18:32+00:00","mainEntityOfPage":{"@id":"https:\/\/workspace.es\/tu-primer-dia-en-workspace-guia-practica\/"},"wordCount":2226,"commentCount":0,"publisher":{"@id":"https:\/\/workspace.es\/#organization"},"image":{"@id":"https:\/\/workspace.es\/tu-primer-dia-en-workspace-guia-practica\/#primaryimage"},"thumbnailUrl":"https:\/\/workspace.es\/wp-content\/uploads\/2026\/04\/primer-dia-coworking-almeria.jpg","articleSection":["Actualidad"],"inLanguage":"en-US","potentialAction":[{"@type":"CommentAction","name":"Comment","target":["https:\/\/workspace.es\/tu-primer-dia-en-workspace-guia-practica\/#respond"]}]},{"@type":"WebPage","@id":"https:\/\/workspace.es\/tu-primer-dia-en-workspace-guia-practica\/","url":"https:\/\/workspace.es\/tu-primer-dia-en-workspace-guia-practica\/","name":"Tu primer d\u00eda en Workspace: gu\u00eda pr\u00e1ctica para empezar bien","isPartOf":{"@id":"https:\/\/workspace.es\/#website"},"primaryImageOfPage":{"@id":"https:\/\/workspace.es\/tu-primer-dia-en-workspace-guia-practica\/#primaryimage"},"image":{"@id":"https:\/\/workspace.es\/tu-primer-dia-en-workspace-guia-practica\/#primaryimage"},"thumbnailUrl":"https:\/\/workspace.es\/wp-content\/uploads\/2026\/04\/primer-dia-coworking-almeria.jpg","datePublished":"2026-04-21T10:17:02+00:00","dateModified":"2026-04-23T08:18:32+00:00","description":"Tu primer d\u00eda en Workspace: gu\u00eda pr\u00e1ctica para adaptarte al coworking, reservar espacios y empezar a trabajar con comodidad.","breadcrumb":{"@id":"https:\/\/workspace.es\/tu-primer-dia-en-workspace-guia-practica\/#breadcrumb"},"inLanguage":"en-US","potentialAction":[{"@type":"ReadAction","target":["https:\/\/workspace.es\/tu-primer-dia-en-workspace-guia-practica\/"]}]},{"@type":"ImageObject","inLanguage":"en-US","@id":"https:\/\/workspace.es\/tu-primer-dia-en-workspace-guia-practica\/#primaryimage","url":"https:\/\/workspace.es\/wp-content\/uploads\/2026\/04\/primer-dia-coworking-almeria.jpg","contentUrl":"https:\/\/workspace.es\/wp-content\/uploads\/2026\/04\/primer-dia-coworking-almeria.jpg","width":1280,"height":719,"caption":"Llegar a un coworking con todo preparado ayuda a empezar la jornada con m\u00e1s tranquilidad, organizaci\u00f3n y confianza."},{"@type":"BreadcrumbList","@id":"https:\/\/workspace.es\/tu-primer-dia-en-workspace-guia-practica\/#breadcrumb","itemListElement":[{"@type":"ListItem","position":1,"name":"INICIO","item":"https:\/\/workspace.es\/"},{"@type":"ListItem","position":2,"name":"Actualidad","item":"https:\/\/workspace.es\/category\/actualidad\/"},{"@type":"ListItem","position":3,"name":"Tu primer d\u00eda en Workspace: gu\u00eda pr\u00e1ctica"}]},{"@type":"WebSite","@id":"https:\/\/workspace.es\/#website","url":"https:\/\/workspace.es\/","name":"Workspace Coworking Almeria","description":"Coworking in Almeria for companies and professionals: workstations, rooms and virtual office in an exclusive historic building.","publisher":{"@id":"https:\/\/workspace.es\/#organization"},"alternateName":"Workspace Coworking Almer\u00eda Centro","potentialAction":[{"@type":"SearchAction","target":{"@type":"EntryPoint","urlTemplate":"https:\/\/workspace.es\/?s={search_term_string}"},"query-input":{"@type":"PropertyValueSpecification","valueRequired":true,"valueName":"search_term_string"}}],"inLanguage":"en-US"},{"@type":"Organization","@id":"https:\/\/workspace.es\/#organization","name":"Workspace Coworking Almeria","alternateName":"WorkSpace Almeria","url":"https:\/\/workspace.es\/","logo":{"@type":"ImageObject","inLanguage":"en-US","@id":"https:\/\/workspace.es\/#\/schema\/logo\/image\/","url":"https:\/\/workspace.es\/wp-content\/uploads\/2024\/12\/Workspace-vertical.png","contentUrl":"https:\/\/workspace.es\/wp-content\/uploads\/2024\/12\/Workspace-vertical.png","width":1500,"height":1500,"caption":"Workspace Coworking Almeria"},"image":{"@id":"https:\/\/workspace.es\/#\/schema\/logo\/image\/"},"sameAs":["https:\/\/www.facebook.com\/workspacecoworking","https:\/\/x.com\/workspacees","https:\/\/www.instagram.com\/workspacecoworking\/","https:\/\/www.linkedin.com\/company\/workspace-coworking-almeria\/"],"description":"Workspace Coworking Almer\u00eda es el \u00fanico coworking en un edificio hist\u00f3rico exclusivo en el centro de Almer\u00eda, con espacios de trabajo flexibles, gesti\u00f3n digital, atenci\u00f3n personalizada y un entorno profesional dise\u00f1ado para rendir al m\u00e1ximo.","email":"hola@workspace.es","telephone":"625 01 87 67","legalName":"Workspace Coworking Almer\u00eda","numberOfEmployees":{"@type":"QuantitativeValue","minValue":"1","maxValue":"10"}},{"@type":"Person","@id":"https:\/\/workspace.es\/#\/schema\/person\/2120ad5bd47f59a63b4826a6a8286c85","name":"Cristiano","image":{"@type":"ImageObject","inLanguage":"en-US","@id":"https:\/\/secure.gravatar.com\/avatar\/acfde124de36bf724cee28b9363470e8097af781b98c292bce1446fc8aa06a32?s=96&d=mm&r=g","url":"https:\/\/secure.gravatar.com\/avatar\/acfde124de36bf724cee28b9363470e8097af781b98c292bce1446fc8aa06a32?s=96&d=mm&r=g","contentUrl":"https:\/\/secure.gravatar.com\/avatar\/acfde124de36bf724cee28b9363470e8097af781b98c292bce1446fc8aa06a32?s=96&d=mm&r=g","caption":"Cristiano"}}]}},"_links":{"self":[{"href":"https:\/\/workspace.es\/en\/wp-json\/wp\/v2\/posts\/12335","targetHints":{"allow":["GET"]}}],"collection":[{"href":"https:\/\/workspace.es\/en\/wp-json\/wp\/v2\/posts"}],"about":[{"href":"https:\/\/workspace.es\/en\/wp-json\/wp\/v2\/types\/post"}],"author":[{"embeddable":true,"href":"https:\/\/workspace.es\/en\/wp-json\/wp\/v2\/users\/5"}],"replies":[{"embeddable":true,"href":"https:\/\/workspace.es\/en\/wp-json\/wp\/v2\/comments?post=12335"}],"version-history":[{"count":6,"href":"https:\/\/workspace.es\/en\/wp-json\/wp\/v2\/posts\/12335\/revisions"}],"predecessor-version":[{"id":12426,"href":"https:\/\/workspace.es\/en\/wp-json\/wp\/v2\/posts\/12335\/revisions\/12426"}],"wp:featuredmedia":[{"embeddable":true,"href":"https:\/\/workspace.es\/en\/wp-json\/wp\/v2\/media\/12338"}],"wp:attachment":[{"href":"https:\/\/workspace.es\/en\/wp-json\/wp\/v2\/media?parent=12335"}],"wp:term":[{"taxonomy":"category","embeddable":true,"href":"https:\/\/workspace.es\/en\/wp-json\/wp\/v2\/categories?post=12335"},{"taxonomy":"post_tag","embeddable":true,"href":"https:\/\/workspace.es\/en\/wp-json\/wp\/v2\/tags?post=12335"}],"curies":[{"name":"wp","href":"https:\/\/api.w.org\/{rel}","templated":true}]}}